{"id":4758,"date":"2026-04-09T15:27:45","date_gmt":"2026-04-09T18:27:45","guid":{"rendered":"https:\/\/observatoriolatinoamericano.cl\/?p=4758"},"modified":"2026-04-17T11:54:42","modified_gmt":"2026-04-17T14:54:42","slug":"equipo-de-nucleo-participa-en-primer-congreso-chileno-de-estudios-del-trabajo-los-nuevos-escenarios-del-trabajo-en-america-latina-pre-alas-2026-valdivia-chile","status":"publish","type":"post","link":"https:\/\/observatoriolatinoamericano.cl\/index.php\/2026\/04\/09\/equipo-de-nucleo-participa-en-primer-congreso-chileno-de-estudios-del-trabajo-los-nuevos-escenarios-del-trabajo-en-america-latina-pre-alas-2026-valdivia-chile\/","title":{"rendered":"Equipo de N\u00facleo participa en Primer Congreso Chileno de Estudios del Trabajo: Los nuevos escenarios del trabajo en Am\u00e9rica Latina. Pre-Alas, 2026, Valdivia, Chile"},"content":{"rendered":"<section class=\"kc-elm kc-css-144720 kc_row\"><div class=\"kc-row-container  kc-container\"><div class=\"kc-wrap-columns\"><div class=\"kc-elm kc-css-940399 kc_col-sm-12 kc_column kc_col-sm-12\"><div class=\"kc-col-container\"><div class=\"kc-elm kc-css-260335 kc_text_block\"><\/p>\n<p>Equipo de N\u00facleo de Investigaci\u00f3n sobre las Profesiones en las Sociedades Contempor\u00e1neas participa con ponencias en el Primer Congreso Chileno de Estudios del Trabajo: Los nuevos escenarios del trabajo en Am\u00e9rica Latina. Pre-Alas, 2026, Valdivia, Chile.<\/p>\n<p><img loading=\"lazy\" class=\"aligncenter\" src=\"https:\/\/observatoriolatinoamericano.cl\/wp-content\/uploads\/2026\/04\/Afiche_Congreso_Valdivia_2026.png\" alt=\"\" width=\"455\" height=\"356\" \/><\/p>\n<p>Expone en la MESA 1 de SUBJETIVIDAD, EXPERIENCIAS E IDENTIDADES LABORALES EN AM\u00c9RICA LATINA. Panel, Natalia Ahumada , soci\u00f3loga del N\u00facleo con la ponencia titulada: Herencia cultural familiar: nociones de \u00e9xito, felicidad y futuro profesional juvenil.<\/p>\n<p><img loading=\"lazy\" class=\"aligncenter\" src=\"https:\/\/observatoriolatinoamericano.cl\/wp-content\/uploads\/2026\/04\/Valdivia-UACH-Natalia-Ahumada-2026-04-09-at-12.21.45-PM.jpeg\" alt=\"\" width=\"448\" height=\"336\" \/><\/p>\n<p>En el Simposio 4 referido al Bienestar subjetivo estudiantil y futuros del trabajo profesional participan\u00a0<br \/>Dr. Cl\u00e9ment Colin, Dr. Ra\u00fal Hozven Valenzuela Dra. Sandra Iturrieta Olivares.<\/p>\n<p><img loading=\"lazy\" class=\"aligncenter\" src=\"https:\/\/observatoriolatinoamericano.cl\/wp-content\/uploads\/2026\/04\/Congreso_Valdivia_2026_Nucleo_PUCV_01.jpeg\" alt=\"\" width=\"450\" height=\"600\" \/><\/p>\n<p>En la MESA 1: SUBJETIVIDAD, EXPERIENCIAS E IDENTIDADES LABORALES EN AM\u00c9RICA\u00a0 LATINA. Panel 4 presenta el Dr. Cl\u00e9ment Colin con: La esperanza como pr\u00e1ctica cotidiana: futuridad y<br \/>subjetividad laboral en j\u00f3venes profesionales.<\/p>\n<p><img loading=\"lazy\" class=\"aligncenter\" src=\"https:\/\/observatoriolatinoamericano.cl\/wp-content\/uploads\/2026\/04\/Congreso_Valdivia_2026_Nucleo_PUCV_02.jpeg\" alt=\"\" width=\"450\" height=\"338\" \/><\/p>\n<p>Finalmente participando por el N\u00facleo Semilla Jonathan Franco Araya con : Cartografiando<br \/>el deseo: felicidad y \u00e9xito durante el postcapitalismo.<\/p>\n<p><img loading=\"lazy\" class=\" aligncenter\" src=\"https:\/\/observatoriolatinoamericano.cl\/wp-content\/uploads\/2026\/04\/Congreso_Valdivia_2026_Nucleo_PUCV_03.jpeg\" alt=\"\" width=\"455\" height=\"606\" \/><\/p>\n<p>\n<\/div><\/div><\/div><\/div><\/div><\/section>\n","protected":false},"excerpt":{"rendered":"","protected":false},"author":1,"featured_media":4759,"comment_status":"closed","ping_status":"closed","sticky":false,"template":"","format":"standard","meta":[],"categories":[275,265,272],"tags":[],"_links":{"self":[{"href":"https:\/\/observatoriolatinoamericano.cl\/index.php\/wp-json\/wp\/v2\/posts\/4758"}],"collection":[{"href":"https:\/\/observatoriolatinoamericano.cl\/index.php\/wp-json\/wp\/v2\/posts"}],"about":[{"href":"https:\/\/observatoriolatinoamericano.cl\/index.php\/wp-json\/wp\/v2\/types\/post"}],"author":[{"embeddable":true,"href":"https:\/\/observatoriolatinoamericano.cl\/index.php\/wp-json\/wp\/v2\/users\/1"}],"replies":[{"embeddable":true,"href":"https:\/\/observatoriolatinoamericano.cl\/index.php\/wp-json\/wp\/v2\/comments?post=4758"}],"version-history":[{"count":21,"href":"https:\/\/observatoriolatinoamericano.cl\/index.php\/wp-json\/wp\/v2\/posts\/4758\/revisions"}],"predecessor-version":[{"id":4792,"href":"https:\/\/observatoriolatinoamericano.cl\/index.php\/wp-json\/wp\/v2\/posts\/4758\/revisions\/4792"}],"wp:featuredmedia":[{"embeddable":true,"href":"https:\/\/observatoriolatinoamericano.cl\/index.php\/wp-json\/wp\/v2\/media\/4759"}],"wp:attachment":[{"href":"https:\/\/observatoriolatinoamericano.cl\/index.php\/wp-json\/wp\/v2\/media?parent=4758"}],"wp:term":[{"taxonomy":"category","embeddable":true,"href":"https:\/\/observatoriolatinoamericano.cl\/index.php\/wp-json\/wp\/v2\/categories?post=4758"},{"taxonomy":"post_tag","embeddable":true,"href":"https:\/\/observatoriolatinoamericano.cl\/index.php\/wp-json\/wp\/v2\/tags?post=4758"}],"curies":[{"name":"wp","href":"https:\/\/api.w.org\/{rel}","templated":true}]}}